[{"@context":"https:\/\/schema.org\/","@type":"Article","@id":"https:\/\/www.emitcz.cz\/usetrit-se-da\/#Article","mainEntityOfPage":"https:\/\/www.emitcz.cz\/usetrit-se-da\/","headline":"U\u0161et\u0159it se d\u00e1","name":"U\u0161et\u0159it se d\u00e1","description":"Pokud pat\u0159\u00edte mezi lidi, kte\u0159\u00ed \u017eij\u00ed od v\u00fdplaty k v\u00fdplat\u011b, a te\u010f p\u0159ed V\u00e1noci nem\u00e1te na v\u00e1no\u010dn\u00ed d\u00e1rky dostatek pen\u011bz, potom se p\u0159ipravte i na to, \u017ee po Nov\u00e9m roce za\u010dnou chodit ve\u0161ker\u00e9 slo\u017eenky s<a class=\"read-more\" href=\"https:\/\/www.emitcz.cz\/usetrit-se-da\/\">Continue reading<\/a>","datePublished":"2025-02-26","dateModified":"2023-05-01","author":{"@type":"Person","@id":"https:\/\/www.emitcz.cz\/author\/#Person","name":"","url":"https:\/\/www.emitcz.cz\/author\/","identifier":1,"image":{"@type":"ImageObject","@id":"https:\/\/secure.gravatar.com\/avatar\/093836c6bc976bea6a4c3cd39f9136c261430c33201aa865249fef2be34e3fdb?s=96&d=mm&r=g","url":"https:\/\/secure.gravatar.com\/avatar\/093836c6bc976bea6a4c3cd39f9136c261430c33201aa865249fef2be34e3fdb?s=96&d=mm&r=g","height":96,"width":96}},"publisher":{"@type":"Organization","name":"emitcz.cz","logo":{"@type":"ImageObject","@id":"\/logo.png","url":"\/logo.png","width":600,"height":60}},"image":{"@type":"ImageObject","@id":"https:\/\/www.emitcz.cz\/wp-content\/uploads\/img_a303132_w2150_t1513326709.jpg","url":"https:\/\/www.emitcz.cz\/wp-content\/uploads\/img_a303132_w2150_t1513326709.jpg","height":0,"width":0},"url":"https:\/\/www.emitcz.cz\/usetrit-se-da\/","wordCount":612,"articleBody":"Pokud pat\u0159\u00edte mezi lidi, kte\u0159\u00ed \u017eij\u00ed od v\u00fdplaty k v\u00fdplat\u011b, a te\u010f p\u0159ed V\u00e1noci nem\u00e1te na v\u00e1no\u010dn\u00ed d\u00e1rky dostatek pen\u011bz, potom se p\u0159ipravte i na to, \u017ee po Nov\u00e9m roce za\u010dnou chodit ve\u0161ker\u00e9 slo\u017eenky s vy\u00fa\u010dtov\u00e1n\u00edm za elekt\u0159inu, teplo apod., a pokud z\u00e1rove\u0148 pat\u0159\u00edte mezi lidi, kte\u0159\u00ed si nic neodep\u0159ou, denn\u011b mus\u00edte m\u00edt plnou vanu, topen\u00ed pu\u0161t\u011bn\u00e9 naplno a z\u00e1rove\u0148 v\u011btr\u00e1te, je jasn\u00e9, \u017ee n\u011bkde d\u011bl\u00e1te chybu.1)\u00a0\u00a0\u00a0\u00a0\u00a0 To, \u017ee ve\u0161ker\u00e9 j\u00eddlo, oble\u010den\u00ed, drogerii apod. nakupujete t\u0159eba v akci, podle let\u00e1k\u016f, kter\u00e9 V\u00e1m chod\u00ed do schr\u00e1nek, je spr\u00e1vn\u00e9, ale i tady je dobr\u00e9 se zamyslet, jestli z toho t\u0159eba potom p\u016flku nevyhod\u00edte, kupujte jen to, o \u010dem bezpe\u010dn\u011b v\u00edte, \u017ee to sn\u00edte, co se t\u00fdk\u00e1 p\u0159edev\u0161\u00edm masa, pokud nem\u00e1te mraz\u00e1k, z\u00e1soby si ur\u010dit\u011b ned\u011blejte, do z\u00e1soby si m\u016f\u017eete nakoupit v akci takov\u00e9 v\u011bci, jako mouku, cukr, olej, t\u011bstoviny, zkr\u00e1tka trvanliv\u00e9 v\u011bci. Maj\u00ed v akci mandarinky? P\u0159em\u00fd\u0161lejte, ne\u017e je d\u00e1te do ko\u0161\u00edku, jestli Vy nebo n\u011bkdo z Va\u0161\u00ed rodiny je v\u016fbec sn\u00ed.2)\u00a0\u00a0\u00a0\u00a0\u00a0 M\u00e1te Vy, V\u00e1\u0161 partner nebo partnerka i d\u011bti velmi r\u00e1di plnou vanu s bohatou p\u011bnou? Dop\u0159ejte si ji, ale ne ka\u017ed\u00fd den, po n\u00e1ro\u010dn\u00e9m dni, nebo pokud pot\u0159ebujete relaxaci, budi\u017e, jinak sta\u010d\u00ed se osprchovat, a to nejl\u00e9pe t\u00edm stylem, \u017ee se vodou namo\u010d\u00edte, vodu vypnete, umyjete se a n\u00e1sledn\u011b vodu pust\u00edte a d\u016fkladn\u011b se opl\u00e1chnete. Pokud V\u00e1m ka\u017ed\u00fd rok chod\u00ed slo\u017eenky, \u017ee m\u00e1te za teplou vodu dopl\u00e1cet, t\u00edmhle zp\u016fsobem se jich zbav\u00edte.3)\u00a0\u00a0\u00a0\u00a0\u00a0 To sam\u00e9 je s topen\u00edm, pokud bydl\u00edte v panelov\u00e9m dom\u011b a m\u00e1te topen\u00ed pu\u0161t\u011bn\u00e9 naplno ve v\u0161ech m\u00edstnostech, ale z\u00e1rove\u0148 v\u011btr\u00e1te, je jasn\u00e9, \u017ee je to \u0161patn\u011b, v kuchyni, kde se va\u0159\u00ed, topen\u00ed po dobu va\u0159en\u00ed a je\u0161t\u011b n\u011bkolik hodin potom, nemus\u00ed b\u00fdt pu\u0161t\u011bn\u00e9 v\u016fbec, v lo\u017enici by se optim\u00e1ln\u00ed teplota na span\u00ed m\u011bla pohybovat v zimn\u00edch m\u011bs\u00edc\u00edch max. kolem 20 stup\u0148\u016f, a ani v ob\u00fdvac\u00edm pokoji nemus\u00edte m\u00edt p\u0159etopeno, zkuste si na p\u00e1r dn\u00ed vyzkou\u0161et, jak\u00e1 teplota je pro V\u00e1s ve v\u0161ech m\u00edstnostech optim\u00e1ln\u00ed. Trochu jin\u00e1 situace je, pokud m\u00e1te mal\u00e9 miminko.4)\u00a0\u00a0\u00a0\u00a0\u00a0 Na noc vypnete po\u010d\u00edta\u010d, televizi a ve\u0161kerou elektroniku a mysl\u00edte si, \u017ee t\u00edm p\u00e1dem u\u017e si \u017e\u00e1dnou energii nebere? Ale ano, pokud je elektronika, v\u010detn\u011b dom\u00e1c\u00edch spot\u0159ebi\u010d\u016f, zapojena v s\u00edti, bere si po\u0159\u00e1d, samoz\u0159ejm\u011b nebudete vyp\u00ednat lednici na noc ze s\u00edt\u011b, ale takov\u00e9 p\u0159\u00edstroje, o kter\u00fdch v\u00edte, \u017ee je hned r\u00e1no bezprost\u0159edn\u011b pot\u0159ebovat nebudete, proto\u017ee jdete do pr\u00e1ce, co\u017e je t\u0159eba pr\u00e1v\u011b po\u010d\u00edta\u010d a televize, klidn\u011b odpojit od s\u00edt\u011b m\u016f\u017eete.Zd\u00e1 se V\u00e1m, \u017ee jsou to hal\u00e9\u0159ov\u00e9 polo\u017eky, kter\u00e9 byste takto u\u0161et\u0159ili? Zkuste to tak po cel\u00fd p\u0159\u00ed\u0161t\u00ed rok, a uvid\u00edte, \u017ee t\u0159eba na v\u00e1no\u010dn\u00ed d\u00e1rky se V\u00e1m bude snadn\u011bji \u0161et\u0159it, proto\u017ee V\u00e1m najednou bude zb\u00fdvat o n\u011bjak\u00e9 ty pen\u00edze v\u00edc.                                                                                                                                                                                                                                                                                                                                                                                        4\/5 - (10 votes)        "},{"@context":"https:\/\/schema.org\/","@type":"BreadcrumbList","itemListElement":[{"@type":"ListItem","position":1,"name":"U\u0161et\u0159it se d\u00e1","item":"https:\/\/www.emitcz.cz\/usetrit-se-da\/#breadcrumbitem"}]}]