[{"@context":"https:\/\/schema.org\/","@type":"Article","@id":"https:\/\/www.emitcz.cz\/svetelne-vanocni-silenstvi\/#Article","mainEntityOfPage":"https:\/\/www.emitcz.cz\/svetelne-vanocni-silenstvi\/","headline":"Sv\u011bteln\u00e9 v\u00e1no\u010dn\u00ed \u201e\u0161\u00edlenstv\u00ed\u201c","name":"Sv\u011bteln\u00e9 v\u00e1no\u010dn\u00ed \u201e\u0161\u00edlenstv\u00ed\u201c","description":"Nen\u00ed to tak d\u00e1vno, kdy i k\u00a0n\u00e1m dorazila m\u00f3dn\u00e9 vlna, kter\u00e1 svou pou\u0165 odstartovala kdesi v\u00a0Americe. Nejprve se objevilo p\u00e1r \u017e\u00e1rovi\u010dek, kter\u00e9 osv\u011btlovaly \u010d\u00e1st domu. T\u011bch p\u0159ib\u00fdvalo a pokra\u010dovalo p\u0159es hrub\u00e9 obrysy staven\u00ed a\u017e po<a class=\"read-more\" href=\"https:\/\/www.emitcz.cz\/svetelne-vanocni-silenstvi\/\">Continue reading<\/a>","datePublished":"2018-10-05","dateModified":"2023-05-01","author":{"@type":"Person","@id":"https:\/\/www.emitcz.cz\/author\/#Person","name":"","url":"https:\/\/www.emitcz.cz\/author\/","identifier":1,"image":{"@type":"ImageObject","@id":"https:\/\/secure.gravatar.com\/avatar\/093836c6bc976bea6a4c3cd39f9136c261430c33201aa865249fef2be34e3fdb?s=96&d=mm&r=g","url":"https:\/\/secure.gravatar.com\/avatar\/093836c6bc976bea6a4c3cd39f9136c261430c33201aa865249fef2be34e3fdb?s=96&d=mm&r=g","height":96,"width":96}},"publisher":{"@type":"Organization","name":"emitcz.cz","logo":{"@type":"ImageObject","@id":"\/logo.png","url":"\/logo.png","width":600,"height":60}},"image":{"@type":"ImageObject","@id":"https:\/\/www.emitcz.cz\/wp-content\/uploads\/img_a331563_w2487_t1544043552.jpg","url":"https:\/\/www.emitcz.cz\/wp-content\/uploads\/img_a331563_w2487_t1544043552.jpg","height":0,"width":0},"url":"https:\/\/www.emitcz.cz\/svetelne-vanocni-silenstvi\/","about":["Pen\u00edze"],"wordCount":530,"articleBody":"Nen\u00ed to tak d\u00e1vno, kdy i k\u00a0n\u00e1m dorazila m\u00f3dn\u00e9 vlna, kter\u00e1 svou pou\u0165 odstartovala kdesi v\u00a0Americe. Nejprve se objevilo p\u00e1r \u017e\u00e1rovi\u010dek, kter\u00e9 osv\u011btlovaly \u010d\u00e1st domu. T\u011bch p\u0159ib\u00fdvalo a pokra\u010dovalo p\u0159es hrub\u00e9 obrysy staven\u00ed a\u017e po nasv\u011btlen\u00ed r\u016fzn\u00fdch detail\u016f a obrazc\u016f. A nez\u016fstalo u sv\u011bteln\u00fdch efekt\u016f jen na domech. P\u0159ibyly osv\u011btlen\u00e9 strome\u010dky, n\u00e1sledovaly postavi\u010dky zv\u00ed\u0159\u00e1tek a nakonec na zahrad\u00e1ch zaparkovaly sv\u00edt\u00edc\u00ed san\u011b Santa Clause. N\u011bkdy se sv\u011bteln\u00e9 efekty autorovi poda\u0159\u00ed, jinde bud\u00ed \u00fasm\u011bv. V\u00a0ka\u017ed\u00e9m p\u0159\u00edpad\u011b se v\u0161ak jedn\u00e1 o snahu se zviditelnit, vytvo\u0159it atmosf\u00e9ru a pot\u011b\u0161it kolemjdouc\u00ed. Chcete sv\u016fj domek tak\u00e9 vyzdobit?\tJak na sv\u011bteln\u00e9 efekty?\tKdy\u017e za\u010dnete pl\u00e1novat a prom\u00fd\u0161let um\u00edst\u011bn\u00ed \u017e\u00e1rovi\u010dek uv\u011bdomte si jednu z\u00e1kladn\u00ed a z\u00e1sadn\u00ed v\u011bc. V\u0161echny sv\u011bt\u00fdlka, jsou nap\u00e1jeny elektrick\u00fdm proudem. Bez ohledu na tarif, ve kter\u00e9m v\u00e1m elekt\u0159inu dodavatel poskytuje, v\u017edy jde o nemalou finan\u010dn\u00ed z\u00e1t\u011b\u017e. Pokud tedy nechcete, aby v\u00e1s Osv\u011btlen\u00ed domku finan\u010dn\u011b zruinovalo, mus\u00edte svou aktivitu omezit na p\u00e1r \u017e\u00e1rovek, nebo si po\u0159\u00eddit sv\u011bt\u00fdlky v\u00a0technologii LED.\tKlasick\u00e1 \u017e\u00e1rovka, p\u0159\u00edpadn\u011b halogenov\u00e1 \u017e\u00e1rovka si vezme za hodinu sv\u00edcen\u00ed v\u00a0pr\u016fm\u011bru kolem 40W. Pou\u017eijete-li dejme tomu pouze 20 \u017e\u00e1rovek, spot\u0159ebujete 0,8kW ka\u017edou hodinku. Bude-li v\u00e1\u0161 domek sv\u00edtit dejme tomu od sedmn\u00e1ct\u00e9 hodiny do dvac\u00e1t\u00e9t\u0159et\u00ed, ka\u017ed\u00fd den v\u00e1m nato\u010d\u00ed na elektrick\u00e9 hodiny skoro 5kW. V\u00a0p\u0159epo\u010dtu na pen\u00edze se jedn\u00e1 o p\u0159ibli\u017en\u011b 750 K\u010d za jeden m\u011bs\u00edc V\u00e1no\u010dn\u00ed atmosf\u00e9ry.\u00a0\u00a0 \tCo se t\u00fdk\u00e1 spot\u0159eby energie a sv\u011bteln\u00e9ho efektu jsou LED \u017e\u00e1rove\u010dky, \u0159et\u011bzy \u010di p\u00e1sky daleko \u00fasporn\u011bj\u0161\u00ed. Daleko l\u00e9pe odol\u00e1vaj\u00ed i pov\u011btrnostn\u00edm vliv\u016fm. Jsou tak \u0159\u00edkaj\u00edc t\u00e9m\u011b\u0159 nezni\u010diteln\u00e9 a vydr\u017e\u00ed v\u00e1m bez probl\u00e9mu dlouh\u00e1 l\u00e9ta. Vy\u0161\u0161\u00ed po\u0159izovac\u00ed n\u00e1klady se v\u00e1m b\u011bhem roku dvou ur\u010dit\u011b vr\u00e1t\u00ed.\tMont\u00e1\u017e\tP\u0159i mont\u00e1\u017ei osv\u011btlen\u00ed si rovn\u011b\u017e uv\u011bdomte, \u017ee i LED technologie vyv\u00edj\u00ed teplo. To znamen\u00e1, \u017ee kolem osv\u011btlen\u00ed v\u00e1m bude odt\u00e1vat sn\u00edh, voda m\u016f\u017ee zat\u00e9kat, kam nem\u00e1. Myslete na tento fakt zvl\u00e1\u0161t\u011b v\u00a0m\u00edstech, kde budete vz\u00e1jemn\u011b propojovat vodi\u010de jednotliv\u00fdch \u00fasek\u016f osv\u011btlen\u00ed.\tVe\u0161ker\u00e9 spoje kabel\u00e1\u017ee by m\u011blo odpov\u00eddat norm\u00e1m ohledn\u011b vod\u011bodolnosti. To se samoz\u0159ejm\u011b t\u00fdk\u00e1 i osv\u011btlov\u00e1n\u00ed figur na zahrad\u011b. M\u011bjte na pam\u011bti, \u017ee V\u00e1noce budete m\u00edt v\u00a0pohod\u011b, pokud se vyhnete v\u00a0p\u0159\u00edprav\u00e1ch na n\u011b zbyte\u010dn\u00fdm chyb\u00e1m.\tRada na z\u00e1v\u011br. P\u0159i po\u0159izov\u00e1n\u00ed osv\u011btlen\u00ed, \u010dt\u011bte pozorn\u011b n\u00e1vody na instalace a rad\u011bji dejte p\u0159ednost kvalitn\u00edmu sortimentu p\u0159ed pofidern\u00edm zbo\u017e\u00edm z\u00a0r\u016fzn\u00fdch tr\u017enic.                                                                                                                                                                                                                                                                                                                                                                                        4.5\/5 - (8 votes)        "},{"@context":"https:\/\/schema.org\/","@type":"BreadcrumbList","itemListElement":[{"@type":"ListItem","position":1,"name":"Sv\u011bteln\u00e9 v\u00e1no\u010dn\u00ed \u201e\u0161\u00edlenstv\u00ed\u201c","item":"https:\/\/www.emitcz.cz\/svetelne-vanocni-silenstvi\/#breadcrumbitem"}]}]