[{"@context":"https:\/\/schema.org\/","@type":"Article","@id":"https:\/\/www.emitcz.cz\/povleceni-na-postele\/#Article","mainEntityOfPage":"https:\/\/www.emitcz.cz\/povleceni-na-postele\/","headline":"Povle\u010den\u00ed na postele","name":"Povle\u010den\u00ed na postele","description":"P\u0159ist\u011bhovali jste se do nov\u00e9ho bytu a trochu si ho za\u0159izujete? Nakoupili jste si p\u011bkn\u00fd n\u00e1bytek, koberce jsou tak\u00e9 nov\u00e9 a n\u011bjak\u00e9 dekorace u\u017e tak\u00e9 m\u00e1te? P\u0159eci jen je\u0161t\u011b n\u011bco chyb\u00ed? M\u00e1te u\u017e sv\u00e9 povle\u010den\u00ed<a class=\"read-more\" href=\"https:\/\/www.emitcz.cz\/povleceni-na-postele\/\">Continue reading<\/a>","datePublished":"2025-01-25","dateModified":"2025-01-25","author":{"@type":"Person","@id":"https:\/\/www.emitcz.cz\/author\/#Person","name":"","url":"https:\/\/www.emitcz.cz\/author\/","identifier":1,"image":{"@type":"ImageObject","@id":"https:\/\/secure.gravatar.com\/avatar\/093836c6bc976bea6a4c3cd39f9136c261430c33201aa865249fef2be34e3fdb?s=96&d=mm&r=g","url":"https:\/\/secure.gravatar.com\/avatar\/093836c6bc976bea6a4c3cd39f9136c261430c33201aa865249fef2be34e3fdb?s=96&d=mm&r=g","height":96,"width":96}},"publisher":{"@type":"Organization","name":"emitcz.cz","logo":{"@type":"ImageObject","@id":"\/logo.png","url":"\/logo.png","width":600,"height":60}},"url":"https:\/\/www.emitcz.cz\/povleceni-na-postele\/","wordCount":191,"articleBody":"P\u0159ist\u011bhovali jste se do nov\u00e9ho bytu a trochu si ho za\u0159izujete? Nakoupili jste si p\u011bkn\u00fd n\u00e1bytek, koberce jsou tak\u00e9 nov\u00e9 a n\u011bjak\u00e9 dekorace u\u017e tak\u00e9 m\u00e1te? P\u0159eci jen je\u0161t\u011b n\u011bco chyb\u00ed? M\u00e1te u\u017e sv\u00e9 povle\u010den\u00ed na postele? Pokud ne, m\u011bli byste se porozhl\u00e9dnout po internetov\u00fdch str\u00e1nk\u00e1ch.Za\u0159\u00eddit si nov\u00fd byt nen\u00ed v\u016fbec snadn\u00e9. Zvl\u00e1\u0161\u0165 pokud to d\u011bl\u00e1te poprv\u00e9, mus\u00edte si v\u0161e dob\u0159e prom\u00fd\u0161let a pe\u010dliv\u011b vyb\u00edrat. M\u00e1te n\u011bkolik z\u00e1kladn\u00edch v\u011bc\u00ed, kter\u00e9 pot\u0159ebujete k \u017eit\u00ed a nakoupili jste u\u017e n\u011bjak\u00e9 dopl\u0148ky? St\u00e1le V\u00e1m ale chyb\u00ed n\u011bjak\u00e9 p\u011bkn\u00e9 povle\u010den\u00ed na postele? Vyberte si nov\u00e9!Modern\u00edPokud jste si za\u0159\u00eddili hezk\u00fd a modern\u00ed byt, interi\u00e9r je slad\u011bn\u00fd do zaj\u00edmav\u00fdch barev a tomu sam\u00e9mu odpov\u00eddaj\u00ed i detaily, pak byste si m\u011bli sehnat stejn\u00e9 povle\u010den\u00ed na postele, aby V\u00e1m v\u0161e ladilo dohromady. U\u017e jste se rozhodli, jak\u00e1 barva by se V\u00e1m l\u00edbila?                                                                                                                                                                                                                                                                                                                                                                                                "},{"@context":"https:\/\/schema.org\/","@type":"BreadcrumbList","itemListElement":[{"@type":"ListItem","position":1,"name":"Povle\u010den\u00ed na postele","item":"https:\/\/www.emitcz.cz\/povleceni-na-postele\/#breadcrumbitem"}]}]