[{"@context":"https:\/\/schema.org\/","@type":"Blog","@id":"https:\/\/www.emitcz.cz#Blog","headline":"Emit CZ","description":"\nNe ka\u017ed\u00fd web na internetu je spolehliv\u00fd, a t\u011bch, za n\u011b\u017e lze d\u00e1t ruku do ohn\u011b, je jako \u0161afr\u00e1nu. A jestli\u017ee n\u011bco, na co je spoleh, hled\u00e1te, p\u0159ij\u010fte na n\u00e1\u0161 web.","url":"https:\/\/www.emitcz.cz","hasPart":[{"@type":"Article","@id":"https:\/\/www.emitcz.cz\/ubytovani-mikulov-v-srdci-vinarske-oblasti\/","headline":"Ubytov\u00e1n\u00ed Mikulov v srdci vina\u0159sk\u00e9 oblasti","url":"https:\/\/www.emitcz.cz\/ubytovani-mikulov-v-srdci-vinarske-oblasti\/","datePublished":"2018-12-12","dateModified":"2024-06-26","mainEntityOfPage":"https:\/\/www.emitcz.cz\/ubytovani-mikulov-v-srdci-vinarske-oblasti\/","author":{"@type":"Person","@id":"https:\/\/www.emitcz.cz\/author\/#Person","name":"","url":"https:\/\/www.emitcz.cz\/author\/","identifier":1,"image":{"@type":"ImageObject","@id":"https:\/\/secure.gravatar.com\/avatar\/093836c6bc976bea6a4c3cd39f9136c261430c33201aa865249fef2be34e3fdb?s=96&d=mm&r=g","url":"https:\/\/secure.gravatar.com\/avatar\/093836c6bc976bea6a4c3cd39f9136c261430c33201aa865249fef2be34e3fdb?s=96&d=mm&r=g","height":96,"width":96}},"publisher":{"@type":"Organization","name":"emitcz.cz","logo":{"@type":"ImageObject","@id":"\/logo.png","url":"\/logo.png","width":600,"height":60}},"image":{"@type":"ImageObject","@id":"https:\/\/www.emitcz.cz\/wp-content\/uploads\/img_a336604_w1696_t1549975176.jpg","url":"https:\/\/www.emitcz.cz\/wp-content\/uploads\/img_a336604_w1696_t1549975176.jpg","height":0,"width":0},"wordCount":564,"keywords":null},{"@type":"Article","@id":"https:\/\/www.emitcz.cz\/uvolnete-se\/","headline":"Uvoln\u011bte se","url":"https:\/\/www.emitcz.cz\/uvolnete-se\/","datePublished":"2018-11-25","dateModified":"2023-05-01","mainEntityOfPage":"https:\/\/www.emitcz.cz\/uvolnete-se\/","author":{"@type":"Person","@id":"https:\/\/www.emitcz.cz\/author\/#Person","name":"","url":"https:\/\/www.emitcz.cz\/author\/","identifier":1,"image":{"@type":"ImageObject","@id":"https:\/\/secure.gravatar.com\/avatar\/093836c6bc976bea6a4c3cd39f9136c261430c33201aa865249fef2be34e3fdb?s=96&d=mm&r=g","url":"https:\/\/secure.gravatar.com\/avatar\/093836c6bc976bea6a4c3cd39f9136c261430c33201aa865249fef2be34e3fdb?s=96&d=mm&r=g","height":96,"width":96}},"publisher":{"@type":"Organization","name":"emitcz.cz","logo":{"@type":"ImageObject","@id":"\/logo.png","url":"\/logo.png","width":600,"height":60}},"image":{"@type":"ImageObject","@id":"https:\/\/www.emitcz.cz\/wp-content\/uploads\/img_a334856_w2487_t1548392437.jpg","url":"https:\/\/www.emitcz.cz\/wp-content\/uploads\/img_a334856_w2487_t1548392437.jpg","height":0,"width":0},"wordCount":491,"keywords":null},{"@type":"Article","@id":"https:\/\/www.emitcz.cz\/jde-to-i-bez-bank\/","headline":"Jde to i bez bank","url":"https:\/\/www.emitcz.cz\/jde-to-i-bez-bank\/","datePublished":"2018-11-09","dateModified":"2023-05-01","mainEntityOfPage":"https:\/\/www.emitcz.cz\/jde-to-i-bez-bank\/","author":{"@type":"Person","@id":"https:\/\/www.emitcz.cz\/author\/#Person","name":"","url":"https:\/\/www.emitcz.cz\/author\/","identifier":1,"image":{"@type":"ImageObject","@id":"https:\/\/secure.gravatar.com\/avatar\/093836c6bc976bea6a4c3cd39f9136c261430c33201aa865249fef2be34e3fdb?s=96&d=mm&r=g","url":"https:\/\/secure.gravatar.com\/avatar\/093836c6bc976bea6a4c3cd39f9136c261430c33201aa865249fef2be34e3fdb?s=96&d=mm&r=g","height":96,"width":96}},"publisher":{"@type":"Organization","name":"emitcz.cz","logo":{"@type":"ImageObject","@id":"\/logo.png","url":"\/logo.png","width":600,"height":60}},"image":{"@type":"ImageObject","@id":"https:\/\/www.emitcz.cz\/wp-content\/uploads\/img_a330884_w1739_t1543334691.png","url":"https:\/\/www.emitcz.cz\/wp-content\/uploads\/img_a330884_w1739_t1543334691.png","height":0,"width":0},"wordCount":525,"keywords":null},{"@type":"Article","@id":"https:\/\/www.emitcz.cz\/s-kytici-kvetu-nikdy-neslapnete-vedle\/","headline":"S kytic\u00ed kv\u011bt\u016f nikdy ne\u0161l\u00e1pnete vedle","url":"https:\/\/www.emitcz.cz\/s-kytici-kvetu-nikdy-neslapnete-vedle\/","datePublished":"2018-10-25","dateModified":"2023-05-01","mainEntityOfPage":"https:\/\/www.emitcz.cz\/s-kytici-kvetu-nikdy-neslapnete-vedle\/","author":{"@type":"Person","@id":"https:\/\/www.emitcz.cz\/author\/#Person","name":"","url":"https:\/\/www.emitcz.cz\/author\/","identifier":1,"image":{"@type":"ImageObject","@id":"https:\/\/secure.gravatar.com\/avatar\/093836c6bc976bea6a4c3cd39f9136c261430c33201aa865249fef2be34e3fdb?s=96&d=mm&r=g","url":"https:\/\/secure.gravatar.com\/avatar\/093836c6bc976bea6a4c3cd39f9136c261430c33201aa865249fef2be34e3fdb?s=96&d=mm&r=g","height":96,"width":96}},"publisher":{"@type":"Organization","name":"emitcz.cz","logo":{"@type":"ImageObject","@id":"\/logo.png","url":"\/logo.png","width":600,"height":60}},"image":{"@type":"ImageObject","@id":"https:\/\/www.emitcz.cz\/wp-content\/uploads\/img_a332721_w2487_t1545732812.jpg","url":"https:\/\/www.emitcz.cz\/wp-content\/uploads\/img_a332721_w2487_t1545732812.jpg","height":0,"width":0},"wordCount":4485,"keywords":null},{"@type":"Article","@id":"https:\/\/www.emitcz.cz\/escape-room-je-nezapomenutelny-zazitek\/","headline":"Escape room je nezapomenuteln\u00fd z\u00e1\u017eitek","url":"https:\/\/www.emitcz.cz\/escape-room-je-nezapomenutelny-zazitek\/","datePublished":"2018-10-25","dateModified":"2018-10-25","mainEntityOfPage":"https:\/\/www.emitcz.cz\/escape-room-je-nezapomenutelny-zazitek\/","author":{"@type":"Person","@id":"https:\/\/www.emitcz.cz\/author\/#Person","name":"","url":"https:\/\/www.emitcz.cz\/author\/","identifier":1,"image":{"@type":"ImageObject","@id":"https:\/\/secure.gravatar.com\/avatar\/093836c6bc976bea6a4c3cd39f9136c261430c33201aa865249fef2be34e3fdb?s=96&d=mm&r=g","url":"https:\/\/secure.gravatar.com\/avatar\/093836c6bc976bea6a4c3cd39f9136c261430c33201aa865249fef2be34e3fdb?s=96&d=mm&r=g","height":96,"width":96}},"publisher":{"@type":"Organization","name":"emitcz.cz","logo":{"@type":"ImageObject","@id":"\/logo.png","url":"\/logo.png","width":600,"height":60}},"image":{"@type":"ImageObject","@id":"https:\/\/www.emitcz.cz\/wp-content\/uploads\/img_a329210_w1714_t1541595161.jpg","url":"https:\/\/www.emitcz.cz\/wp-content\/uploads\/img_a329210_w1714_t1541595161.jpg","height":0,"width":0},"wordCount":595,"keywords":null},{"@type":"Article","@id":"https:\/\/www.emitcz.cz\/svetelne-vanocni-silenstvi\/","headline":"Sv\u011bteln\u00e9 v\u00e1no\u010dn\u00ed \u201e\u0161\u00edlenstv\u00ed\u201c","url":"https:\/\/www.emitcz.cz\/svetelne-vanocni-silenstvi\/","datePublished":"2018-10-05","dateModified":"2023-05-01","mainEntityOfPage":"https:\/\/www.emitcz.cz\/svetelne-vanocni-silenstvi\/","author":{"@type":"Person","@id":"https:\/\/www.emitcz.cz\/author\/#Person","name":"","url":"https:\/\/www.emitcz.cz\/author\/","identifier":1,"image":{"@type":"ImageObject","@id":"https:\/\/secure.gravatar.com\/avatar\/093836c6bc976bea6a4c3cd39f9136c261430c33201aa865249fef2be34e3fdb?s=96&d=mm&r=g","url":"https:\/\/secure.gravatar.com\/avatar\/093836c6bc976bea6a4c3cd39f9136c261430c33201aa865249fef2be34e3fdb?s=96&d=mm&r=g","height":96,"width":96}},"publisher":{"@type":"Organization","name":"emitcz.cz","logo":{"@type":"ImageObject","@id":"\/logo.png","url":"\/logo.png","width":600,"height":60}},"image":{"@type":"ImageObject","@id":"https:\/\/www.emitcz.cz\/wp-content\/uploads\/img_a331563_w2487_t1544043552.jpg","url":"https:\/\/www.emitcz.cz\/wp-content\/uploads\/img_a331563_w2487_t1544043552.jpg","height":0,"width":0},"wordCount":4574,"keywords":null},{"@type":"Article","@id":"https:\/\/www.emitcz.cz\/rabi-low-otec-prazskeho-golema\/","headline":"Rabi L\u00f6w otec pra\u017esk\u00e9ho golema","url":"https:\/\/www.emitcz.cz\/rabi-low-otec-prazskeho-golema\/","datePublished":"2018-07-16","dateModified":"2023-05-01","mainEntityOfPage":"https:\/\/www.emitcz.cz\/rabi-low-otec-prazskeho-golema\/","author":{"@type":"Person","@id":"https:\/\/www.emitcz.cz\/author\/#Person","name":"","url":"https:\/\/www.emitcz.cz\/author\/","identifier":1,"image":{"@type":"ImageObject","@id":"https:\/\/secure.gravatar.com\/avatar\/093836c6bc976bea6a4c3cd39f9136c261430c33201aa865249fef2be34e3fdb?s=96&d=mm&r=g","url":"https:\/\/secure.gravatar.com\/avatar\/093836c6bc976bea6a4c3cd39f9136c261430c33201aa865249fef2be34e3fdb?s=96&d=mm&r=g","height":96,"width":96}},"publisher":{"@type":"Organization","name":"emitcz.cz","logo":{"@type":"ImageObject","@id":"\/logo.png","url":"\/logo.png","width":600,"height":60}},"image":{"@type":"ImageObject","@id":"https:\/\/www.emitcz.cz\/wp-content\/uploads\/img_a325249_w1733_t1537108224.jpg","url":"https:\/\/www.emitcz.cz\/wp-content\/uploads\/img_a325249_w1733_t1537108224.jpg","height":0,"width":0},"wordCount":588,"keywords":null},{"@type":"Article","@id":"https:\/\/www.emitcz.cz\/seo-eshopu-aneb-co-je-podstatne\/","headline":"SEO eshopu aneb co je podstatn\u00e9?","url":"https:\/\/www.emitcz.cz\/seo-eshopu-aneb-co-je-podstatne\/","datePublished":"2018-07-15","dateModified":"2023-05-01","mainEntityOfPage":"https:\/\/www.emitcz.cz\/seo-eshopu-aneb-co-je-podstatne\/","author":{"@type":"Person","@id":"https:\/\/www.emitcz.cz\/author\/#Person","name":"","url":"https:\/\/www.emitcz.cz\/author\/","identifier":1,"image":{"@type":"ImageObject","@id":"https:\/\/secure.gravatar.com\/avatar\/093836c6bc976bea6a4c3cd39f9136c261430c33201aa865249fef2be34e3fdb?s=96&d=mm&r=g","url":"https:\/\/secure.gravatar.com\/avatar\/093836c6bc976bea6a4c3cd39f9136c261430c33201aa865249fef2be34e3fdb?s=96&d=mm&r=g","height":96,"width":96}},"publisher":{"@type":"Organization","name":"emitcz.cz","logo":{"@type":"ImageObject","@id":"\/logo.png","url":"\/logo.png","width":600,"height":60}},"image":{"@type":"ImageObject","@id":"https:\/\/www.emitcz.cz\/wp-content\/uploads\/img_a325162_w2035_t1537036916.png","url":"https:\/\/www.emitcz.cz\/wp-content\/uploads\/img_a325162_w2035_t1537036916.png","height":0,"width":0},"wordCount":572,"keywords":null},{"@type":"Article","@id":"https:\/\/www.emitcz.cz\/medvedi-cesnek-nema-nic-spolecneho-s-medvedy\/","headline":"Medv\u011bd\u00ed \u010desnek nem\u00e1 nic spole\u010dn\u00e9ho s medv\u011bdy","url":"https:\/\/www.emitcz.cz\/medvedi-cesnek-nema-nic-spolecneho-s-medvedy\/","datePublished":"2018-07-13","dateModified":"2023-05-01","mainEntityOfPage":"https:\/\/www.emitcz.cz\/medvedi-cesnek-nema-nic-spolecneho-s-medvedy\/","author":{"@type":"Person","@id":"https:\/\/www.emitcz.cz\/author\/#Person","name":"","url":"https:\/\/www.emitcz.cz\/author\/","identifier":1,"image":{"@type":"ImageObject","@id":"https:\/\/secure.gravatar.com\/avatar\/093836c6bc976bea6a4c3cd39f9136c261430c33201aa865249fef2be34e3fdb?s=96&d=mm&r=g","url":"https:\/\/secure.gravatar.com\/avatar\/093836c6bc976bea6a4c3cd39f9136c261430c33201aa865249fef2be34e3fdb?s=96&d=mm&r=g","height":96,"width":96}},"publisher":{"@type":"Organization","name":"emitcz.cz","logo":{"@type":"ImageObject","@id":"\/logo.png","url":"\/logo.png","width":600,"height":60}},"image":{"@type":"ImageObject","@id":"https:\/\/www.emitcz.cz\/wp-content\/uploads\/img_a324833_w2487_t1536827091.jpg","url":"https:\/\/www.emitcz.cz\/wp-content\/uploads\/img_a324833_w2487_t1536827091.jpg","height":0,"width":0},"wordCount":4538,"keywords":null},{"@type":"Article","@id":"https:\/\/www.emitcz.cz\/pece-ktera-se-vyplati\/","headline":"P\u00e9\u010de, kter\u00e1 se vyplat\u00ed","url":"https:\/\/www.emitcz.cz\/pece-ktera-se-vyplati\/","datePublished":"2018-07-01","dateModified":"2023-05-01","mainEntityOfPage":"https:\/\/www.emitcz.cz\/pece-ktera-se-vyplati\/","author":{"@type":"Person","@id":"https:\/\/www.emitcz.cz\/author\/#Person","name":"","url":"https:\/\/www.emitcz.cz\/author\/","identifier":1,"image":{"@type":"ImageObject","@id":"https:\/\/secure.gravatar.com\/avatar\/093836c6bc976bea6a4c3cd39f9136c261430c33201aa865249fef2be34e3fdb?s=96&d=mm&r=g","url":"https:\/\/secure.gravatar.com\/avatar\/093836c6bc976bea6a4c3cd39f9136c261430c33201aa865249fef2be34e3fdb?s=96&d=mm&r=g","height":96,"width":96}},"publisher":{"@type":"Organization","name":"emitcz.cz","logo":{"@type":"ImageObject","@id":"\/logo.png","url":"\/logo.png","width":600,"height":60}},"image":{"@type":"ImageObject","@id":"https:\/\/www.emitcz.cz\/wp-content\/uploads\/img_a324034_w1970_t1535791756.jpg","url":"https:\/\/www.emitcz.cz\/wp-content\/uploads\/img_a324034_w1970_t1535791756.jpg","height":0,"width":0},"wordCount":552,"keywords":null}]},{"@context":"https:\/\/schema.org","@type":"WebSite","@id":"https:\/\/www.emitcz.cz\/#website","name":"Emit CZ","url":"https:\/\/www.emitcz.cz","potentialAction":{"@type":"SearchAction","target":"https:\/\/www.emitcz.cz\/?s={search_term_string}","query-input":"required name=search_term_string"}}]