[{"@context":"https:\/\/schema.org\/","@type":"Blog","@id":"https:\/\/www.emitcz.cz#Blog","headline":"Emit CZ","description":"\nNe ka\u017ed\u00fd web na internetu je spolehliv\u00fd, a t\u011bch, za n\u011b\u017e lze d\u00e1t ruku do ohn\u011b, je jako \u0161afr\u00e1nu. A jestli\u017ee n\u011bco, na co je spoleh, hled\u00e1te, p\u0159ij\u010fte na n\u00e1\u0161 web.","url":"https:\/\/www.emitcz.cz","hasPart":[{"@type":"Article","@id":"https:\/\/www.emitcz.cz\/neprichazejte-o-penize\/","headline":"Nep\u0159ich\u00e1zejte o pen\u00edze","url":"https:\/\/www.emitcz.cz\/neprichazejte-o-penize\/","datePublished":"2019-03-24","dateModified":"2023-05-01","mainEntityOfPage":"https:\/\/www.emitcz.cz\/neprichazejte-o-penize\/","author":{"@type":"Person","@id":"https:\/\/www.emitcz.cz\/author\/#Person","name":"","url":"https:\/\/www.emitcz.cz\/author\/","identifier":1,"image":{"@type":"ImageObject","@id":"https:\/\/secure.gravatar.com\/avatar\/093836c6bc976bea6a4c3cd39f9136c261430c33201aa865249fef2be34e3fdb?s=96&d=mm&r=g","url":"https:\/\/secure.gravatar.com\/avatar\/093836c6bc976bea6a4c3cd39f9136c261430c33201aa865249fef2be34e3fdb?s=96&d=mm&r=g","height":96,"width":96}},"publisher":{"@type":"Organization","name":"emitcz.cz","logo":{"@type":"ImageObject","@id":"\/logo.png","url":"\/logo.png","width":600,"height":60}},"image":{"@type":"ImageObject","@id":"https:\/\/www.emitcz.cz\/wp-content\/uploads\/img_a344897_w2487_t1558685742.jpg","url":"https:\/\/www.emitcz.cz\/wp-content\/uploads\/img_a344897_w2487_t1558685742.jpg","height":0,"width":0},"wordCount":615,"keywords":null},{"@type":"Article","@id":"https:\/\/www.emitcz.cz\/jak-si-vybirame-elektrospotrebice\/","headline":"Jak si vyb\u00edr\u00e1me elektrospot\u0159ebi\u010de?","url":"https:\/\/www.emitcz.cz\/jak-si-vybirame-elektrospotrebice\/","datePublished":"2019-02-28","dateModified":"2023-05-01","mainEntityOfPage":"https:\/\/www.emitcz.cz\/jak-si-vybirame-elektrospotrebice\/","author":{"@type":"Person","@id":"https:\/\/www.emitcz.cz\/author\/#Person","name":"","url":"https:\/\/www.emitcz.cz\/author\/","identifier":1,"image":{"@type":"ImageObject","@id":"https:\/\/secure.gravatar.com\/avatar\/093836c6bc976bea6a4c3cd39f9136c261430c33201aa865249fef2be34e3fdb?s=96&d=mm&r=g","url":"https:\/\/secure.gravatar.com\/avatar\/093836c6bc976bea6a4c3cd39f9136c261430c33201aa865249fef2be34e3fdb?s=96&d=mm&r=g","height":96,"width":96}},"publisher":{"@type":"Organization","name":"emitcz.cz","logo":{"@type":"ImageObject","@id":"\/logo.png","url":"\/logo.png","width":600,"height":60}},"image":{"@type":"ImageObject","@id":"https:\/\/www.emitcz.cz\/wp-content\/uploads\/img_a343369_w2487_t1556447888.png","url":"https:\/\/www.emitcz.cz\/wp-content\/uploads\/img_a343369_w2487_t1556447888.png","height":0,"width":0},"wordCount":474,"keywords":null},{"@type":"Article","@id":"https:\/\/www.emitcz.cz\/neni-kufr-jako-kufr\/","headline":"Nen\u00ed kufr jako kufr","url":"https:\/\/www.emitcz.cz\/neni-kufr-jako-kufr\/","datePublished":"2019-02-28","dateModified":"2023-05-01","mainEntityOfPage":"https:\/\/www.emitcz.cz\/neni-kufr-jako-kufr\/","author":{"@type":"Person","@id":"https:\/\/www.emitcz.cz\/author\/#Person","name":"","url":"https:\/\/www.emitcz.cz\/author\/","identifier":1,"image":{"@type":"ImageObject","@id":"https:\/\/secure.gravatar.com\/avatar\/093836c6bc976bea6a4c3cd39f9136c261430c33201aa865249fef2be34e3fdb?s=96&d=mm&r=g","url":"https:\/\/secure.gravatar.com\/avatar\/093836c6bc976bea6a4c3cd39f9136c261430c33201aa865249fef2be34e3fdb?s=96&d=mm&r=g","height":96,"width":96}},"publisher":{"@type":"Organization","name":"emitcz.cz","logo":{"@type":"ImageObject","@id":"\/logo.png","url":"\/logo.png","width":600,"height":60}},"image":{"@type":"ImageObject","@id":"https:\/\/www.emitcz.cz\/wp-content\/uploads\/img_a343650_w2487_t1556619289.jpg","url":"https:\/\/www.emitcz.cz\/wp-content\/uploads\/img_a343650_w2487_t1556619289.jpg","height":0,"width":0},"wordCount":4533,"keywords":null},{"@type":"Article","@id":"https:\/\/www.emitcz.cz\/patriarchat-gender-a-feminismus\/","headline":"Patriarch\u00e1t, gender a feminismus","url":"https:\/\/www.emitcz.cz\/patriarchat-gender-a-feminismus\/","datePublished":"2019-02-22","dateModified":"2023-05-01","mainEntityOfPage":"https:\/\/www.emitcz.cz\/patriarchat-gender-a-feminismus\/","author":{"@type":"Person","@id":"https:\/\/www.emitcz.cz\/author\/#Person","name":"","url":"https:\/\/www.emitcz.cz\/author\/","identifier":1,"image":{"@type":"ImageObject","@id":"https:\/\/secure.gravatar.com\/avatar\/093836c6bc976bea6a4c3cd39f9136c261430c33201aa865249fef2be34e3fdb?s=96&d=mm&r=g","url":"https:\/\/secure.gravatar.com\/avatar\/093836c6bc976bea6a4c3cd39f9136c261430c33201aa865249fef2be34e3fdb?s=96&d=mm&r=g","height":96,"width":96}},"publisher":{"@type":"Organization","name":"emitcz.cz","logo":{"@type":"ImageObject","@id":"\/logo.png","url":"\/logo.png","width":600,"height":60}},"image":{"@type":"ImageObject","@id":"https:\/\/www.emitcz.cz\/wp-content\/uploads\/img_a342760_w2487_t1555947346.jpg","url":"https:\/\/www.emitcz.cz\/wp-content\/uploads\/img_a342760_w2487_t1555947346.jpg","height":0,"width":0},"wordCount":504,"keywords":null},{"@type":"Article","@id":"https:\/\/www.emitcz.cz\/finance-a-nakupy-potravin\/","headline":"Finance a n\u00e1kupy potravin","url":"https:\/\/www.emitcz.cz\/finance-a-nakupy-potravin\/","datePublished":"2019-02-22","dateModified":"2023-05-01","mainEntityOfPage":"https:\/\/www.emitcz.cz\/finance-a-nakupy-potravin\/","author":{"@type":"Person","@id":"https:\/\/www.emitcz.cz\/author\/#Person","name":"","url":"https:\/\/www.emitcz.cz\/author\/","identifier":1,"image":{"@type":"ImageObject","@id":"https:\/\/secure.gravatar.com\/avatar\/093836c6bc976bea6a4c3cd39f9136c261430c33201aa865249fef2be34e3fdb?s=96&d=mm&r=g","url":"https:\/\/secure.gravatar.com\/avatar\/093836c6bc976bea6a4c3cd39f9136c261430c33201aa865249fef2be34e3fdb?s=96&d=mm&r=g","height":96,"width":96}},"publisher":{"@type":"Organization","name":"emitcz.cz","logo":{"@type":"ImageObject","@id":"\/logo.png","url":"\/logo.png","width":600,"height":60}},"image":{"@type":"ImageObject","@id":"https:\/\/www.emitcz.cz\/wp-content\/uploads\/img_a342630_w2487_t1555920613.jpg","url":"https:\/\/www.emitcz.cz\/wp-content\/uploads\/img_a342630_w2487_t1555920613.jpg","height":0,"width":0},"wordCount":558,"keywords":null},{"@type":"Article","@id":"https:\/\/www.emitcz.cz\/psani-clanku\/","headline":"Psan\u00ed \u010dl\u00e1nk\u016f","url":"https:\/\/www.emitcz.cz\/psani-clanku\/","datePublished":"2019-02-07","dateModified":"2023-05-01","mainEntityOfPage":"https:\/\/www.emitcz.cz\/psani-clanku\/","author":{"@type":"Person","@id":"https:\/\/www.emitcz.cz\/author\/#Person","name":"","url":"https:\/\/www.emitcz.cz\/author\/","identifier":1,"image":{"@type":"ImageObject","@id":"https:\/\/secure.gravatar.com\/avatar\/093836c6bc976bea6a4c3cd39f9136c261430c33201aa865249fef2be34e3fdb?s=96&d=mm&r=g","url":"https:\/\/secure.gravatar.com\/avatar\/093836c6bc976bea6a4c3cd39f9136c261430c33201aa865249fef2be34e3fdb?s=96&d=mm&r=g","height":96,"width":96}},"publisher":{"@type":"Organization","name":"emitcz.cz","logo":{"@type":"ImageObject","@id":"\/logo.png","url":"\/logo.png","width":600,"height":60}},"image":{"@type":"ImageObject","@id":"https:\/\/www.emitcz.cz\/wp-content\/uploads\/img_a342125_w1743_t1555060211.jpg","url":"https:\/\/www.emitcz.cz\/wp-content\/uploads\/img_a342125_w1743_t1555060211.jpg","height":0,"width":0},"wordCount":564,"keywords":null},{"@type":"Article","@id":"https:\/\/www.emitcz.cz\/typologie-osob-z-kancelarskeho-prostredi\/","headline":"Typologie osob z kancel\u00e1\u0159sk\u00e9ho prost\u0159ed\u00ed","url":"https:\/\/www.emitcz.cz\/typologie-osob-z-kancelarskeho-prostredi\/","datePublished":"2019-01-26","dateModified":"2019-01-26","mainEntityOfPage":"https:\/\/www.emitcz.cz\/typologie-osob-z-kancelarskeho-prostredi\/","author":{"@type":"Person","@id":"https:\/\/www.emitcz.cz\/author\/#Person","name":"","url":"https:\/\/www.emitcz.cz\/author\/","identifier":1,"image":{"@type":"ImageObject","@id":"https:\/\/secure.gravatar.com\/avatar\/093836c6bc976bea6a4c3cd39f9136c261430c33201aa865249fef2be34e3fdb?s=96&d=mm&r=g","url":"https:\/\/secure.gravatar.com\/avatar\/093836c6bc976bea6a4c3cd39f9136c261430c33201aa865249fef2be34e3fdb?s=96&d=mm&r=g","height":96,"width":96}},"publisher":{"@type":"Organization","name":"emitcz.cz","logo":{"@type":"ImageObject","@id":"\/logo.png","url":"\/logo.png","width":600,"height":60}},"image":{"@type":"ImageObject","@id":"https:\/\/www.emitcz.cz\/wp-content\/uploads\/img_a335165_w2512_t1548572965.jpg","url":"https:\/\/www.emitcz.cz\/wp-content\/uploads\/img_a335165_w2512_t1548572965.jpg","height":0,"width":0},"wordCount":668,"keywords":null},{"@type":"Article","@id":"https:\/\/www.emitcz.cz\/praveka-sila\/","headline":"Prav\u011bk\u00e1 s\u00edla","url":"https:\/\/www.emitcz.cz\/praveka-sila\/","datePublished":"2019-01-22","dateModified":"2023-05-01","mainEntityOfPage":"https:\/\/www.emitcz.cz\/praveka-sila\/","author":{"@type":"Person","@id":"https:\/\/www.emitcz.cz\/author\/#Person","name":"","url":"https:\/\/www.emitcz.cz\/author\/","identifier":1,"image":{"@type":"ImageObject","@id":"https:\/\/secure.gravatar.com\/avatar\/093836c6bc976bea6a4c3cd39f9136c261430c33201aa865249fef2be34e3fdb?s=96&d=mm&r=g","url":"https:\/\/secure.gravatar.com\/avatar\/093836c6bc976bea6a4c3cd39f9136c261430c33201aa865249fef2be34e3fdb?s=96&d=mm&r=g","height":96,"width":96}},"publisher":{"@type":"Organization","name":"emitcz.cz","logo":{"@type":"ImageObject","@id":"\/logo.png","url":"\/logo.png","width":600,"height":60}},"image":{"@type":"ImageObject","@id":"https:\/\/www.emitcz.cz\/wp-content\/uploads\/img_a340232_w2487_t1553251184.jpg","url":"https:\/\/www.emitcz.cz\/wp-content\/uploads\/img_a340232_w2487_t1553251184.jpg","height":0,"width":0},"wordCount":4481,"keywords":null},{"@type":"Article","@id":"https:\/\/www.emitcz.cz\/male-zamysleni-nad-svetem-recenzi\/","headline":"Mal\u00e9 zamy\u0161len\u00ed nad sv\u011btem recenz\u00ed","url":"https:\/\/www.emitcz.cz\/male-zamysleni-nad-svetem-recenzi\/","datePublished":"2019-01-16","dateModified":"2023-05-01","mainEntityOfPage":"https:\/\/www.emitcz.cz\/male-zamysleni-nad-svetem-recenzi\/","author":{"@type":"Person","@id":"https:\/\/www.emitcz.cz\/author\/#Person","name":"","url":"https:\/\/www.emitcz.cz\/author\/","identifier":1,"image":{"@type":"ImageObject","@id":"https:\/\/secure.gravatar.com\/avatar\/093836c6bc976bea6a4c3cd39f9136c261430c33201aa865249fef2be34e3fdb?s=96&d=mm&r=g","url":"https:\/\/secure.gravatar.com\/avatar\/093836c6bc976bea6a4c3cd39f9136c261430c33201aa865249fef2be34e3fdb?s=96&d=mm&r=g","height":96,"width":96}},"publisher":{"@type":"Organization","name":"emitcz.cz","logo":{"@type":"ImageObject","@id":"\/logo.png","url":"\/logo.png","width":600,"height":60}},"image":{"@type":"ImageObject","@id":"https:\/\/www.emitcz.cz\/wp-content\/uploads\/img_a339618_w2487_t1552766898.jpg","url":"https:\/\/www.emitcz.cz\/wp-content\/uploads\/img_a339618_w2487_t1552766898.jpg","height":0,"width":0},"wordCount":531,"keywords":null},{"@type":"Article","@id":"https:\/\/www.emitcz.cz\/vetrelec-v-chaloupce\/","headline":"Vet\u0159elec v chaloupce","url":"https:\/\/www.emitcz.cz\/vetrelec-v-chaloupce\/","datePublished":"2019-01-16","dateModified":"2023-05-01","mainEntityOfPage":"https:\/\/www.emitcz.cz\/vetrelec-v-chaloupce\/","author":{"@type":"Person","@id":"https:\/\/www.emitcz.cz\/author\/#Person","name":"","url":"https:\/\/www.emitcz.cz\/author\/","identifier":1,"image":{"@type":"ImageObject","@id":"https:\/\/secure.gravatar.com\/avatar\/093836c6bc976bea6a4c3cd39f9136c261430c33201aa865249fef2be34e3fdb?s=96&d=mm&r=g","url":"https:\/\/secure.gravatar.com\/avatar\/093836c6bc976bea6a4c3cd39f9136c261430c33201aa865249fef2be34e3fdb?s=96&d=mm&r=g","height":96,"width":96}},"publisher":{"@type":"Organization","name":"emitcz.cz","logo":{"@type":"ImageObject","@id":"\/logo.png","url":"\/logo.png","width":600,"height":60}},"image":{"@type":"ImageObject","@id":"https:\/\/www.emitcz.cz\/wp-content\/uploads\/img_a339504_w2487_t1552739612.jpg","url":"https:\/\/www.emitcz.cz\/wp-content\/uploads\/img_a339504_w2487_t1552739612.jpg","height":0,"width":0},"wordCount":568,"keywords":null}]},{"@context":"https:\/\/schema.org","@type":"WebSite","@id":"https:\/\/www.emitcz.cz\/#website","name":"Emit CZ","url":"https:\/\/www.emitcz.cz","potentialAction":{"@type":"SearchAction","target":"https:\/\/www.emitcz.cz\/?s={search_term_string}","query-input":"required name=search_term_string"}}]