[{"@context":"https:\/\/schema.org\/","@type":"Article","@id":"https:\/\/www.emitcz.cz\/jsou-vhodne-do-kazdeho-interieru\/#Article","mainEntityOfPage":"https:\/\/www.emitcz.cz\/jsou-vhodne-do-kazdeho-interieru\/","headline":"Jsou vhodn\u00e9 do ka\u017ed\u00e9ho interi\u00e9ru","name":"Jsou vhodn\u00e9 do ka\u017ed\u00e9ho interi\u00e9ru","description":"Zakupte na\u0161e korkov\u00e9 n\u00e1st\u011bnky, kter\u00e9 jsou vhodn\u00e9 do ka\u017ed\u00e9ho interi\u00e9ru a do ka\u017ed\u00e9ho prost\u0159ed\u00ed. Vyu\u017eit\u00edm takov\u00e9to kvalitn\u00ed n\u00e1st\u011bnky jist\u011b z\u00edsk\u00e1te p\u0159ehled ve sv\u00e9 kancel\u00e1\u0159i, nebo v m\u00edstnostech pro zam\u011bstnance, kte\u0159\u00ed budou d\u00edky na\u0161im velice trvanliv\u00fdm<a class=\"read-more\" href=\"https:\/\/www.emitcz.cz\/jsou-vhodne-do-kazdeho-interieru\/\">Continue reading<\/a>","datePublished":"2025-02-15","dateModified":"2025-02-15","author":{"@type":"Person","@id":"https:\/\/www.emitcz.cz\/author\/#Person","name":"","url":"https:\/\/www.emitcz.cz\/author\/","identifier":1,"image":{"@type":"ImageObject","@id":"https:\/\/secure.gravatar.com\/avatar\/093836c6bc976bea6a4c3cd39f9136c261430c33201aa865249fef2be34e3fdb?s=96&d=mm&r=g","url":"https:\/\/secure.gravatar.com\/avatar\/093836c6bc976bea6a4c3cd39f9136c261430c33201aa865249fef2be34e3fdb?s=96&d=mm&r=g","height":96,"width":96}},"publisher":{"@type":"Organization","name":"emitcz.cz","logo":{"@type":"ImageObject","@id":"\/logo.png","url":"\/logo.png","width":600,"height":60}},"url":"https:\/\/www.emitcz.cz\/jsou-vhodne-do-kazdeho-interieru\/","wordCount":186,"articleBody":"Zakupte na\u0161e korkov\u00e9 n\u00e1st\u011bnky, kter\u00e9 jsou vhodn\u00e9 do ka\u017ed\u00e9ho interi\u00e9ru a do ka\u017ed\u00e9ho prost\u0159ed\u00ed. Vyu\u017eit\u00edm takov\u00e9to kvalitn\u00ed n\u00e1st\u011bnky jist\u011b z\u00edsk\u00e1te p\u0159ehled ve sv\u00e9 kancel\u00e1\u0159i, nebo v m\u00edstnostech pro zam\u011bstnance, kte\u0159\u00ed budou d\u00edky na\u0161im velice trvanliv\u00fdm n\u00e1st\u011bnk\u00e1m velmi dob\u0159e informovan\u00ed o rozpisech slu\u017eeb, nebo akc\u00edch, kter\u00e9 dan\u00e1 firma po\u0159\u00e1d\u00e1. Nechte si u n\u00e1s tak\u00e9 poradit, jak\u00e9 korkov\u00e9 n\u00e1st\u011bnky nejl\u00e9pe zvolit do po\u017eadovan\u00fdch prostor. M\u00e1me je ve v\u0161ech mo\u017en\u00fdch rozm\u011brech, kter\u00e9 jsou ov\u0161em normovan\u00e9, p\u0159\u00edpadn\u011b si m\u016f\u017eete dokonce objednat sv\u00e9 vlastn\u00ed rozm\u011bry. Jak budete se svou n\u00e1st\u011bnkou d\u00e1le nakl\u00e1dat, to ji\u017e je na v\u00e1s. Nakupovat u n\u00e1s se v\u017edy vyplat\u00ed Na\u0161e korkov\u00e9 n\u00e1st\u011bnky nab\u00edz\u00ed skute\u010dnou kvalitu, za neskute\u010dnou cenu, kter\u00e1 v\u00e1s jist\u011b v\u00edce ne\u017e p\u0159ekvap\u00ed. N\u00e1kup u n\u00e1s, a to kdykoliv, se vyplat\u00ed.                                                                                                                                                                                                                                                                                                                                                                                        4\/5 - (1 vote)        "},{"@context":"https:\/\/schema.org\/","@type":"BreadcrumbList","itemListElement":[{"@type":"ListItem","position":1,"name":"Jsou vhodn\u00e9 do ka\u017ed\u00e9ho interi\u00e9ru","item":"https:\/\/www.emitcz.cz\/jsou-vhodne-do-kazdeho-interieru\/#breadcrumbitem"}]}]